{"id":7469,"date":"2012-04-25T08:48:00","date_gmt":"2012-04-25T06:48:00","guid":{"rendered":"https:\/\/podgorjesg.splet.arnes.si\/?p=7469"},"modified":"2025-06-16T08:49:51","modified_gmt":"2025-06-16T06:49:51","slug":"mednarodni-projekt-tek-podnebne-solidarnosti","status":"publish","type":"post","link":"https:\/\/ospodgorje.si\/?p=7469","title":{"rendered":"Mednarodni projekt \u00bbTEK PODNEBNE SOLIDARNOSTI\u00ab"},"content":{"rendered":"\n<figure class=\"wp-block-image size-full\"><img loading=\"lazy\" decoding=\"async\" width=\"239\" height=\"273\" src=\"https:\/\/ospodgorje.si\/files\/2025\/06\/aktualno-106-P1.jpg\" alt=\"\" class=\"wp-image-7470\" \/><\/figure>\n\n\n\n<p><small>VABIM TE,<\/small><small>&nbsp;KLI\u010cEM TE,<\/small><small>RABIM TE \u2014<\/small><small>POJDI Z NAMI NA POT OKOLI SVETA.<\/small><small><br>Sodelovanje v tem projektu bo potekalo v okviru \u0161portne vzgoje.&nbsp; U\u010denci \/ke bodo v okviru tega projekta&nbsp; tekli v solidarnosti do ljudi v revnej\u0161ih dr\u017eavah, predvsem v Afriki, ki jih posledice podnebnih sprememb najbolj prizadenejo.&nbsp; V okviru projekta bodo v mesecu aprilu in maju potekale razli\u010dne delavnice tudi pri nekaterih drugih predmetih, posadili bomo son\u010dnice,&nbsp; zaigrali dramsko igrico,&nbsp; zbirali ideje in misli na drevesu \u017eelja, v mesecu maju pa bomo izvedli&nbsp; tudi \u00bbTEK PODNEBNE SOLIDARNOSTI\u00ab, s katerim bomo gradili krog solidarnosti okoli planeta Zemlja (40. 075 km).&nbsp;<\/small><small>Pomagate nam lahko vsi: star\u0161i, bratje in sestre, dedki in babice, prijatelji,&nbsp; znanci \u2014 BODITE SOLIDARNI TUDI VI.<\/small><small>O izvedbi teka Vas bomo pravo\u010dasno obvestili.<\/small><small>Koordinator:<\/small><small>prof. Danijela Ledinek<\/small><\/p>\n","protected":false},"excerpt":{"rendered":"<p>VABIM TE,&nbsp;KLI\u010cEM TE,RABIM TE \u2014POJDI Z NAMI NA POT OKOLI SVETA.Sodelovanje v tem projektu bo potekalo v okviru \u0161portne vzgoje.&nbsp; U\u010denci \/ke bodo v okviru tega projekta&nbsp; tekli v solidarnosti do ljudi v revnej\u0161ih&#46;&#46;&#46;<\/p>\n","protected":false},"author":25249,"featured_media":7470,"comment_status":"closed","ping_status":"open","sticky":false,"template":"","format":"standard","meta":{"ngg_post_thumbnail":0,"footnotes":""},"categories":[9],"tags":[],"class_list":["post-7469","post","type-post","status-publish","format-standard","has-post-thumbnail","hentry","category-novice"],"_links":{"self":[{"href":"https:\/\/ospodgorje.si\/index.php?rest_route=\/wp\/v2\/posts\/7469","targetHints":{"allow":["GET"]}}],"collection":[{"href":"https:\/\/ospodgorje.si\/index.php?rest_route=\/wp\/v2\/posts"}],"about":[{"href":"https:\/\/ospodgorje.si\/index.php?rest_route=\/wp\/v2\/types\/post"}],"author":[{"embeddable":true,"href":"https:\/\/ospodgorje.si\/index.php?rest_route=\/wp\/v2\/users\/25249"}],"replies":[{"embeddable":true,"href":"https:\/\/ospodgorje.si\/index.php?rest_route=%2Fwp%2Fv2%2Fcomments&post=7469"}],"version-history":[{"count":1,"href":"https:\/\/ospodgorje.si\/index.php?rest_route=\/wp\/v2\/posts\/7469\/revisions"}],"predecessor-version":[{"id":7471,"href":"https:\/\/ospodgorje.si\/index.php?rest_route=\/wp\/v2\/posts\/7469\/revisions\/7471"}],"wp:featuredmedia":[{"embeddable":true,"href":"https:\/\/ospodgorje.si\/index.php?rest_route=\/wp\/v2\/media\/7470"}],"wp:attachment":[{"href":"https:\/\/ospodgorje.si\/index.php?rest_route=%2Fwp%2Fv2%2Fmedia&parent=7469"}],"wp:term":[{"taxonomy":"category","embeddable":true,"href":"https:\/\/ospodgorje.si\/index.php?rest_route=%2Fwp%2Fv2%2Fcategories&post=7469"},{"taxonomy":"post_tag","embeddable":true,"href":"https:\/\/ospodgorje.si\/index.php?rest_route=%2Fwp%2Fv2%2Ftags&post=7469"}],"curies":[{"name":"wp","href":"https:\/\/api.w.org\/{rel}","templated":true}]}}