{"id":7482,"date":"2012-05-23T08:51:00","date_gmt":"2012-05-23T06:51:00","guid":{"rendered":"https:\/\/podgorjesg.splet.arnes.si\/?p=7482"},"modified":"2025-06-17T09:03:45","modified_gmt":"2025-06-17T07:03:45","slug":"regijski-kviz-o-gozdu-in-zivljenju-v-njem","status":"publish","type":"post","link":"https:\/\/ospodgorje.si\/?p=7482","title":{"rendered":"REGIJSKI KVIZ O GOZDU IN \u017dIVLJENJU V NJEM"},"content":{"rendered":"\n<p>23. maja so se u\u010denci sedmih razredov&nbsp; udele\u017eili regijskega kviza o spoznavanju gozda, ki ga je organiziral Zavod za gozdove Slovenije ob Tednu gozdov.&nbsp; Na\u0161o \u0161olo so zastopale tri u\u010denke,&nbsp; PO\u0160 Razbor pa dva u\u010denca in ena u\u010denka.<br>&nbsp;&nbsp;&nbsp; Prireditev je potekala od 8. do 13. ure. U\u010denci so se zbrali na \u0161portnem igri\u0161\u010du na Le\u0161ah. Po kulturnem programu, ki so ga pripravili u\u010denci PO\u0160 Le\u0161e, se je pri\u010del uradni del kviza z iz\u017erebanjem zaporednih \u0161tevilk, sledilo je re\u0161evanje nalog na terenu.Ko so bile opravljenevse aktivnosti, je sledila razglasitev rezultatov.<br>&nbsp;&nbsp;&nbsp; Kljub slabemu vremenu so u\u010denci dosegli dobre rezultate in u\u017eivali v dru\u017ebi gozdarjev, ki so prireditev dobro organizirali&nbsp; in pripravili.<br>&nbsp;&nbsp;&nbsp;&nbsp;&nbsp;&nbsp;&nbsp;&nbsp;&nbsp;&nbsp;&nbsp;&nbsp;&nbsp;&nbsp;&nbsp;&nbsp;&nbsp;&nbsp;&nbsp;&nbsp;&nbsp;&nbsp;&nbsp;&nbsp;&nbsp;&nbsp;&nbsp;&nbsp;&nbsp;&nbsp;&nbsp;&nbsp;&nbsp;&nbsp;&nbsp;&nbsp;&nbsp;&nbsp;&nbsp;&nbsp;&nbsp;&nbsp;&nbsp;&nbsp;&nbsp;&nbsp;&nbsp;&nbsp;&nbsp;&nbsp;&nbsp;&nbsp;&nbsp;&nbsp;&nbsp;&nbsp;&nbsp;&nbsp;&nbsp;&nbsp;&nbsp;&nbsp;&nbsp;&nbsp;&nbsp;&nbsp;&nbsp;&nbsp;&nbsp;&nbsp;&nbsp;&nbsp;&nbsp;&nbsp;&nbsp;&nbsp;<br>Mentorica: Zvonka Uran<\/p>\n\n\n\n<figure class=\"wp-block-gallery has-nested-images columns-default is-cropped wp-block-gallery-1 is-layout-flex wp-block-gallery-is-layout-flex\">\n<figure class=\"wp-block-image size-large\"><a href=\"https:\/\/ospodgorje.si\/files\/2025\/06\/aktualno-109-P-1.jpg\" target=\"_blank\"><img loading=\"lazy\" decoding=\"async\" width=\"400\" height=\"301\" data-id=\"7483\" src=\"https:\/\/ospodgorje.si\/files\/2025\/06\/aktualno-109-P-1.jpg\" alt=\"\" class=\"wp-image-7483\" srcset=\"https:\/\/ospodgorje.si\/files\/2025\/06\/aktualno-109-P-1.jpg 400w, https:\/\/ospodgorje.si\/files\/2025\/06\/aktualno-109-P-1-300x226.jpg 300w\" sizes=\"auto, (max-width: 400px) 100vw, 400px\" \/><\/a><\/figure>\n\n\n\n<figure class=\"wp-block-image size-large\"><a href=\"https:\/\/ospodgorje.si\/files\/2025\/06\/aktualno-109-P-2.jpg\" target=\"_blank\"><img loading=\"lazy\" decoding=\"async\" width=\"400\" height=\"301\" data-id=\"7485\" src=\"https:\/\/ospodgorje.si\/files\/2025\/06\/aktualno-109-P-2.jpg\" alt=\"\" class=\"wp-image-7485\" srcset=\"https:\/\/ospodgorje.si\/files\/2025\/06\/aktualno-109-P-2.jpg 400w, https:\/\/ospodgorje.si\/files\/2025\/06\/aktualno-109-P-2-300x226.jpg 300w\" sizes=\"auto, (max-width: 400px) 100vw, 400px\" \/><\/a><\/figure>\n\n\n\n<figure class=\"wp-block-image size-large\"><a href=\"https:\/\/ospodgorje.si\/files\/2025\/06\/aktualno-109-P-3.jpg\" target=\"_blank\"><img loading=\"lazy\" decoding=\"async\" width=\"400\" height=\"301\" data-id=\"7487\" src=\"https:\/\/ospodgorje.si\/files\/2025\/06\/aktualno-109-P-3.jpg\" alt=\"\" class=\"wp-image-7487\" srcset=\"https:\/\/ospodgorje.si\/files\/2025\/06\/aktualno-109-P-3.jpg 400w, https:\/\/ospodgorje.si\/files\/2025\/06\/aktualno-109-P-3-300x226.jpg 300w\" sizes=\"auto, (max-width: 400px) 100vw, 400px\" \/><\/a><\/figure>\n\n\n\n<figure class=\"wp-block-image size-large\"><a href=\"https:\/\/ospodgorje.si\/files\/2025\/06\/aktualno-109-P-4.jpg\" target=\"_blank\"><img loading=\"lazy\" decoding=\"async\" width=\"400\" height=\"301\" data-id=\"7486\" src=\"https:\/\/ospodgorje.si\/files\/2025\/06\/aktualno-109-P-4.jpg\" alt=\"\" class=\"wp-image-7486\" srcset=\"https:\/\/ospodgorje.si\/files\/2025\/06\/aktualno-109-P-4.jpg 400w, https:\/\/ospodgorje.si\/files\/2025\/06\/aktualno-109-P-4-300x226.jpg 300w\" sizes=\"auto, (max-width: 400px) 100vw, 400px\" \/><\/a><\/figure>\n\n\n\n<figure class=\"wp-block-image size-large\"><a href=\"https:\/\/ospodgorje.si\/files\/2025\/06\/aktualno-109-P-5.jpg\" target=\"_blank\"><img loading=\"lazy\" decoding=\"async\" width=\"400\" height=\"301\" data-id=\"7484\" src=\"https:\/\/ospodgorje.si\/files\/2025\/06\/aktualno-109-P-5.jpg\" alt=\"\" class=\"wp-image-7484\" srcset=\"https:\/\/ospodgorje.si\/files\/2025\/06\/aktualno-109-P-5.jpg 400w, https:\/\/ospodgorje.si\/files\/2025\/06\/aktualno-109-P-5-300x226.jpg 300w\" sizes=\"auto, (max-width: 400px) 100vw, 400px\" \/><\/a><\/figure>\n\n\n\n<figure class=\"wp-block-image size-large\"><a href=\"https:\/\/ospodgorje.si\/files\/2025\/06\/aktualno-109-P-6.jpg\" target=\"_blank\"><img loading=\"lazy\" decoding=\"async\" width=\"400\" height=\"301\" data-id=\"7488\" src=\"https:\/\/ospodgorje.si\/files\/2025\/06\/aktualno-109-P-6.jpg\" alt=\"\" class=\"wp-image-7488\" srcset=\"https:\/\/ospodgorje.si\/files\/2025\/06\/aktualno-109-P-6.jpg 400w, https:\/\/ospodgorje.si\/files\/2025\/06\/aktualno-109-P-6-300x226.jpg 300w\" sizes=\"auto, (max-width: 400px) 100vw, 400px\" \/><\/a><\/figure>\n<\/figure>\n","protected":false},"excerpt":{"rendered":"<p>23. maja so se u\u010denci sedmih razredov&nbsp; udele\u017eili regijskega kviza o spoznavanju gozda, ki ga je organiziral Zavod za gozdove Slovenije ob Tednu gozdov.&nbsp; Na\u0161o \u0161olo so zastopale tri u\u010denke,&nbsp; PO\u0160 Razbor pa dva&#46;&#46;&#46;<\/p>\n","protected":false},"author":25249,"featured_media":7487,"comment_status":"closed","ping_status":"open","sticky":false,"template":"","format":"standard","meta":{"ngg_post_thumbnail":0,"footnotes":""},"categories":[9],"tags":[],"class_list":["post-7482","post","type-post","status-publish","format-standard","has-post-thumbnail","hentry","category-novice"],"_links":{"self":[{"href":"https:\/\/ospodgorje.si\/index.php?rest_route=\/wp\/v2\/posts\/7482","targetHints":{"allow":["GET"]}}],"collection":[{"href":"https:\/\/ospodgorje.si\/index.php?rest_route=\/wp\/v2\/posts"}],"about":[{"href":"https:\/\/ospodgorje.si\/index.php?rest_route=\/wp\/v2\/types\/post"}],"author":[{"embeddable":true,"href":"https:\/\/ospodgorje.si\/index.php?rest_route=\/wp\/v2\/users\/25249"}],"replies":[{"embeddable":true,"href":"https:\/\/ospodgorje.si\/index.php?rest_route=%2Fwp%2Fv2%2Fcomments&post=7482"}],"version-history":[{"count":2,"href":"https:\/\/ospodgorje.si\/index.php?rest_route=\/wp\/v2\/posts\/7482\/revisions"}],"predecessor-version":[{"id":8219,"href":"https:\/\/ospodgorje.si\/index.php?rest_route=\/wp\/v2\/posts\/7482\/revisions\/8219"}],"wp:featuredmedia":[{"embeddable":true,"href":"https:\/\/ospodgorje.si\/index.php?rest_route=\/wp\/v2\/media\/7487"}],"wp:attachment":[{"href":"https:\/\/ospodgorje.si\/index.php?rest_route=%2Fwp%2Fv2%2Fmedia&parent=7482"}],"wp:term":[{"taxonomy":"category","embeddable":true,"href":"https:\/\/ospodgorje.si\/index.php?rest_route=%2Fwp%2Fv2%2Fcategories&post=7482"},{"taxonomy":"post_tag","embeddable":true,"href":"https:\/\/ospodgorje.si\/index.php?rest_route=%2Fwp%2Fv2%2Ftags&post=7482"}],"curies":[{"name":"wp","href":"https:\/\/api.w.org\/{rel}","templated":true}]}}