{"id":7594,"date":"2012-10-20T10:17:00","date_gmt":"2012-10-20T08:17:00","guid":{"rendered":"https:\/\/podgorjesg.splet.arnes.si\/?p=7594"},"modified":"2025-06-17T09:05:34","modified_gmt":"2025-06-17T07:05:34","slug":"mesec-pozarne-varnosti","status":"publish","type":"post","link":"https:\/\/ospodgorje.si\/?p=7594","title":{"rendered":"Mesec po\u017earne varnosti"},"content":{"rendered":"\n<p>V soboto, 20. 10. 2012, smo imeli na vseh treh \u0161olah test evakuacije v primeru po\u017earne nevarnosti. Na za\u010detku so se u\u010ditelji na to temo pogovorili z u\u010denci po razredih in preverili, kje so predvidene evakuacijske poti. Mo\u010dan zvok prenosne sirene nas je opozoril, da je potrebno \u0161olo po evakuacijskih poteh \u010dim prej zapustiti. Zbrali smo se na ozna\u010denem zbirnem mestu, kamor so nas usmerili gasilci. Dobro organizirani gasilci so demonstrativno za\u010deli z ga\u0161enjem knji\u017enice. Na koncu so nam pokazali opremo in se pohvalili z novo pridobitvijo &#8211; vozilom, ki so ga dobili v dar od drugega PGD-ja. Tudi mi smo veseli, da se je konjenica PGD Podgorje okrepila. Ekipa gasilcev&nbsp; se je razdelila na dve skupini, ki sta od\u0161li \u0161e na podru\u017enico \u0160miklav\u017e in podru\u017enico Razbor.<\/p>\n\n\n\n<p>Vsem \u010dlanom PGD Podgorje, \u0161e posebej poveljniku Bla\u017eu Se\u010dnjaku, se zahvaljujemo za uspe\u0161no izvedeno vajo.<\/p>\n\n\n\n<p>Seveda veljajo \u010destitke tudi u\u010diteljem in u\u010dencem za odli\u010dno sledenje dogovorjenim navodilom.<\/p>\n\n\n\n<p>ravnatelj mag. Aljo\u0161a Lavrin\u0161ek<\/p>\n\n\n\n<figure class=\"wp-block-gallery has-nested-images columns-default is-cropped wp-block-gallery-1 is-layout-flex wp-block-gallery-is-layout-flex\">\n<figure class=\"wp-block-image size-large\"><a href=\"https:\/\/ospodgorje.si\/files\/2025\/06\/aktualno-116-podgorje-mesec-pozarne-varnosti-1.jpg\" target=\"_blank\"><img loading=\"lazy\" decoding=\"async\" width=\"400\" height=\"225\" data-id=\"7595\" src=\"https:\/\/ospodgorje.si\/files\/2025\/06\/aktualno-116-podgorje-mesec-pozarne-varnosti-1.jpg\" alt=\"\" class=\"wp-image-7595\" srcset=\"https:\/\/ospodgorje.si\/files\/2025\/06\/aktualno-116-podgorje-mesec-pozarne-varnosti-1.jpg 400w, https:\/\/ospodgorje.si\/files\/2025\/06\/aktualno-116-podgorje-mesec-pozarne-varnosti-1-300x169.jpg 300w\" sizes=\"auto, (max-width: 400px) 100vw, 400px\" \/><\/a><\/figure>\n\n\n\n<figure class=\"wp-block-image size-large\"><a href=\"https:\/\/ospodgorje.si\/files\/2025\/06\/aktualno-116-podgorje-mesec-pozarne-varnosti-2.jpg\" target=\"_blank\"><img loading=\"lazy\" decoding=\"async\" width=\"400\" height=\"225\" data-id=\"7600\" src=\"https:\/\/ospodgorje.si\/files\/2025\/06\/aktualno-116-podgorje-mesec-pozarne-varnosti-2.jpg\" alt=\"\" class=\"wp-image-7600\" srcset=\"https:\/\/ospodgorje.si\/files\/2025\/06\/aktualno-116-podgorje-mesec-pozarne-varnosti-2.jpg 400w, https:\/\/ospodgorje.si\/files\/2025\/06\/aktualno-116-podgorje-mesec-pozarne-varnosti-2-300x169.jpg 300w\" sizes=\"auto, (max-width: 400px) 100vw, 400px\" \/><\/a><\/figure>\n\n\n\n<figure class=\"wp-block-image size-large\"><a href=\"https:\/\/ospodgorje.si\/files\/2025\/06\/aktualno-116-podgorje-mesec-pozarne-varnosti-3.jpg\" target=\"_blank\"><img loading=\"lazy\" decoding=\"async\" width=\"400\" height=\"225\" data-id=\"7596\" src=\"https:\/\/ospodgorje.si\/files\/2025\/06\/aktualno-116-podgorje-mesec-pozarne-varnosti-3.jpg\" alt=\"\" class=\"wp-image-7596\" srcset=\"https:\/\/ospodgorje.si\/files\/2025\/06\/aktualno-116-podgorje-mesec-pozarne-varnosti-3.jpg 400w, https:\/\/ospodgorje.si\/files\/2025\/06\/aktualno-116-podgorje-mesec-pozarne-varnosti-3-300x169.jpg 300w\" sizes=\"auto, (max-width: 400px) 100vw, 400px\" \/><\/a><\/figure>\n\n\n\n<figure class=\"wp-block-image size-large\"><a href=\"https:\/\/ospodgorje.si\/files\/2025\/06\/aktualno-116-podgorje-mesec-pozarne-varnosti-4.jpg\" target=\"_blank\"><img loading=\"lazy\" decoding=\"async\" width=\"400\" height=\"225\" data-id=\"7598\" src=\"https:\/\/ospodgorje.si\/files\/2025\/06\/aktualno-116-podgorje-mesec-pozarne-varnosti-4.jpg\" alt=\"\" class=\"wp-image-7598\" srcset=\"https:\/\/ospodgorje.si\/files\/2025\/06\/aktualno-116-podgorje-mesec-pozarne-varnosti-4.jpg 400w, https:\/\/ospodgorje.si\/files\/2025\/06\/aktualno-116-podgorje-mesec-pozarne-varnosti-4-300x169.jpg 300w\" sizes=\"auto, (max-width: 400px) 100vw, 400px\" \/><\/a><\/figure>\n\n\n\n<figure class=\"wp-block-image size-large\"><a href=\"https:\/\/ospodgorje.si\/files\/2025\/06\/aktualno-116-podgorje-mesec-pozarne-varnosti-5.jpg\" target=\"_blank\"><img loading=\"lazy\" decoding=\"async\" width=\"400\" height=\"225\" data-id=\"7597\" src=\"https:\/\/ospodgorje.si\/files\/2025\/06\/aktualno-116-podgorje-mesec-pozarne-varnosti-5.jpg\" alt=\"\" class=\"wp-image-7597\" srcset=\"https:\/\/ospodgorje.si\/files\/2025\/06\/aktualno-116-podgorje-mesec-pozarne-varnosti-5.jpg 400w, https:\/\/ospodgorje.si\/files\/2025\/06\/aktualno-116-podgorje-mesec-pozarne-varnosti-5-300x169.jpg 300w\" sizes=\"auto, (max-width: 400px) 100vw, 400px\" \/><\/a><\/figure>\n\n\n\n<figure class=\"wp-block-image size-large\"><a href=\"https:\/\/ospodgorje.si\/files\/2025\/06\/aktualno-116-podgorje-mesec-pozarne-varnosti-6.jpg\" target=\"_blank\"><img loading=\"lazy\" decoding=\"async\" width=\"400\" height=\"225\" data-id=\"7599\" src=\"https:\/\/ospodgorje.si\/files\/2025\/06\/aktualno-116-podgorje-mesec-pozarne-varnosti-6.jpg\" alt=\"\" class=\"wp-image-7599\" srcset=\"https:\/\/ospodgorje.si\/files\/2025\/06\/aktualno-116-podgorje-mesec-pozarne-varnosti-6.jpg 400w, https:\/\/ospodgorje.si\/files\/2025\/06\/aktualno-116-podgorje-mesec-pozarne-varnosti-6-300x169.jpg 300w\" sizes=\"auto, (max-width: 400px) 100vw, 400px\" \/><\/a><\/figure>\n\n\n\n<figure class=\"wp-block-image size-large\"><a href=\"https:\/\/ospodgorje.si\/files\/2025\/06\/aktualno-116-podgorje-mesec-pozarne-varnosti-7.jpg\" target=\"_blank\"><img loading=\"lazy\" decoding=\"async\" width=\"400\" height=\"225\" data-id=\"7601\" src=\"https:\/\/ospodgorje.si\/files\/2025\/06\/aktualno-116-podgorje-mesec-pozarne-varnosti-7.jpg\" alt=\"\" class=\"wp-image-7601\" srcset=\"https:\/\/ospodgorje.si\/files\/2025\/06\/aktualno-116-podgorje-mesec-pozarne-varnosti-7.jpg 400w, https:\/\/ospodgorje.si\/files\/2025\/06\/aktualno-116-podgorje-mesec-pozarne-varnosti-7-300x169.jpg 300w\" sizes=\"auto, (max-width: 400px) 100vw, 400px\" \/><\/a><\/figure>\n\n\n\n<figure class=\"wp-block-image size-large\"><a href=\"https:\/\/ospodgorje.si\/files\/2025\/06\/aktualno-116-podgorje-mesec-pozarne-varnosti-8.jpg\" target=\"_blank\"><img loading=\"lazy\" decoding=\"async\" width=\"400\" height=\"225\" data-id=\"7602\" src=\"https:\/\/ospodgorje.si\/files\/2025\/06\/aktualno-116-podgorje-mesec-pozarne-varnosti-8.jpg\" alt=\"\" class=\"wp-image-7602\" srcset=\"https:\/\/ospodgorje.si\/files\/2025\/06\/aktualno-116-podgorje-mesec-pozarne-varnosti-8.jpg 400w, https:\/\/ospodgorje.si\/files\/2025\/06\/aktualno-116-podgorje-mesec-pozarne-varnosti-8-300x169.jpg 300w\" sizes=\"auto, (max-width: 400px) 100vw, 400px\" \/><\/a><\/figure>\n\n\n\n<figure class=\"wp-block-image size-large\"><a href=\"https:\/\/ospodgorje.si\/files\/2025\/06\/aktualno-116-podgorje-mesec-pozarne-varnosti-9.jpg\" target=\"_blank\"><img loading=\"lazy\" decoding=\"async\" width=\"400\" height=\"225\" data-id=\"7603\" src=\"https:\/\/ospodgorje.si\/files\/2025\/06\/aktualno-116-podgorje-mesec-pozarne-varnosti-9.jpg\" alt=\"\" class=\"wp-image-7603\" srcset=\"https:\/\/ospodgorje.si\/files\/2025\/06\/aktualno-116-podgorje-mesec-pozarne-varnosti-9.jpg 400w, https:\/\/ospodgorje.si\/files\/2025\/06\/aktualno-116-podgorje-mesec-pozarne-varnosti-9-300x169.jpg 300w\" sizes=\"auto, (max-width: 400px) 100vw, 400px\" \/><\/a><\/figure>\n\n\n\n<figure class=\"wp-block-image size-large\"><a href=\"https:\/\/ospodgorje.si\/files\/2025\/06\/aktualno-116-podgorje-mesec-pozarne-varnosti-10.jpg\" target=\"_blank\"><img loading=\"lazy\" decoding=\"async\" width=\"400\" height=\"225\" data-id=\"7604\" src=\"https:\/\/ospodgorje.si\/files\/2025\/06\/aktualno-116-podgorje-mesec-pozarne-varnosti-10.jpg\" alt=\"\" class=\"wp-image-7604\" srcset=\"https:\/\/ospodgorje.si\/files\/2025\/06\/aktualno-116-podgorje-mesec-pozarne-varnosti-10.jpg 400w, https:\/\/ospodgorje.si\/files\/2025\/06\/aktualno-116-podgorje-mesec-pozarne-varnosti-10-300x169.jpg 300w\" sizes=\"auto, (max-width: 400px) 100vw, 400px\" \/><\/a><\/figure>\n<\/figure>\n","protected":false},"excerpt":{"rendered":"<p>V soboto, 20. 10. 2012, smo imeli na vseh treh \u0161olah test evakuacije v primeru po\u017earne nevarnosti. Na za\u010detku so se u\u010ditelji na to temo pogovorili z u\u010denci po razredih in preverili, kje so&#46;&#46;&#46;<\/p>\n","protected":false},"author":25249,"featured_media":7602,"comment_status":"closed","ping_status":"open","sticky":false,"template":"","format":"standard","meta":{"ngg_post_thumbnail":0,"footnotes":""},"categories":[9],"tags":[],"class_list":["post-7594","post","type-post","status-publish","format-standard","has-post-thumbnail","hentry","category-novice"],"_links":{"self":[{"href":"https:\/\/ospodgorje.si\/index.php?rest_route=\/wp\/v2\/posts\/7594","targetHints":{"allow":["GET"]}}],"collection":[{"href":"https:\/\/ospodgorje.si\/index.php?rest_route=\/wp\/v2\/posts"}],"about":[{"href":"https:\/\/ospodgorje.si\/index.php?rest_route=\/wp\/v2\/types\/post"}],"author":[{"embeddable":true,"href":"https:\/\/ospodgorje.si\/index.php?rest_route=\/wp\/v2\/users\/25249"}],"replies":[{"embeddable":true,"href":"https:\/\/ospodgorje.si\/index.php?rest_route=%2Fwp%2Fv2%2Fcomments&post=7594"}],"version-history":[{"count":2,"href":"https:\/\/ospodgorje.si\/index.php?rest_route=\/wp\/v2\/posts\/7594\/revisions"}],"predecessor-version":[{"id":8222,"href":"https:\/\/ospodgorje.si\/index.php?rest_route=\/wp\/v2\/posts\/7594\/revisions\/8222"}],"wp:featuredmedia":[{"embeddable":true,"href":"https:\/\/ospodgorje.si\/index.php?rest_route=\/wp\/v2\/media\/7602"}],"wp:attachment":[{"href":"https:\/\/ospodgorje.si\/index.php?rest_route=%2Fwp%2Fv2%2Fmedia&parent=7594"}],"wp:term":[{"taxonomy":"category","embeddable":true,"href":"https:\/\/ospodgorje.si\/index.php?rest_route=%2Fwp%2Fv2%2Fcategories&post=7594"},{"taxonomy":"post_tag","embeddable":true,"href":"https:\/\/ospodgorje.si\/index.php?rest_route=%2Fwp%2Fv2%2Ftags&post=7594"}],"curies":[{"name":"wp","href":"https:\/\/api.w.org\/{rel}","templated":true}]}}