{"id":7606,"date":"2012-11-10T10:18:00","date_gmt":"2012-11-10T09:18:00","guid":{"rendered":"https:\/\/podgorjesg.splet.arnes.si\/?p=7606"},"modified":"2025-06-16T10:20:05","modified_gmt":"2025-06-16T08:20:05","slug":"tradicionalni-slovenski-zajtrk-4","status":"publish","type":"post","link":"https:\/\/ospodgorje.si\/?p=7606","title":{"rendered":"TRADICIONALNI SLOVENSKI ZAJTRK\u00a0\u00a0\u00a0\u00a0\u00a0\u00a0\u00a0\u00a0\u00a0\u00a0\u00a0\u00a0\u00a0\u00a0\u00a0\u00a0\u00a0\u00a0\u00a0\u00a0\u00a0\u00a0\u00a0\u00a0\u00a0\u00a0\u00a0\u00a0\u00a0\u00a0\u00a0\u00a0\u00a0\u00a0\u00a0\u00a0\u00a0\u00a0\u00a0\u00a0\u00a0\u00a0\u00a0\u00a0\u00a0\u00a0\u00a0\u00a0\u00a0\u00a0\u00a0"},"content":{"rendered":"\n<figure class=\"wp-block-image size-full\"><img loading=\"lazy\" decoding=\"async\" width=\"98\" height=\"105\" src=\"https:\/\/ospodgorje.si\/files\/2025\/06\/aktualno-117-tradicionalni-slovenski-zajtrk-1.jpg\" alt=\"\" class=\"wp-image-7607\" \/><\/figure>\n\n\n\n<p>Tudi letos bo na\u0161a \u0161ola sodelovala v projektu \u00bbTradicionalni slovenski zajtrk\u00ab, ki ga pripravlja Ministrstvo za kmetijstvo in okolje v sodelovanju z drugimi ministrstvi in zavodi.<\/p>\n\n\n\n<p>Tradicionalni slovenski zajtrk bomo po navodilih ministrstva razdelili u\u010dencem 16. novembra 2012. Vsa \u017eivila: mleko, \u010drni kruh, maslo, med in jabolko bomo dobavili pri lokalnih pridelovalcih.<\/p>\n\n\n\n<p>Namen projekta je, da se ta dan u\u010dencem ponudijo doma\u010da \u017eivila; s tem se krepi zavest o prednostih lokalno predelane hrane. Dolgoro\u010dni cilj je vplivati na izbolj\u0161anje odnosa do hrane, njene predelave, varovanja okolja in zdravja populacije. Zahvaljujemo se na\u0161im lokalnim donatorjem za njihovo pripravljenost in dobavljena \u017eivila.<\/p>\n\n\n\n<p>Aleksandra Hovnik<\/p>\n","protected":false},"excerpt":{"rendered":"<p>Tudi letos bo na\u0161a \u0161ola sodelovala v projektu \u00bbTradicionalni slovenski zajtrk\u00ab, ki ga pripravlja Ministrstvo za kmetijstvo in okolje v sodelovanju z drugimi ministrstvi in zavodi. Tradicionalni slovenski zajtrk bomo po navodilih ministrstva razdelili&#46;&#46;&#46;<\/p>\n","protected":false},"author":25249,"featured_media":7607,"comment_status":"closed","ping_status":"open","sticky":false,"template":"","format":"standard","meta":{"ngg_post_thumbnail":0,"footnotes":""},"categories":[9],"tags":[],"class_list":["post-7606","post","type-post","status-publish","format-standard","has-post-thumbnail","hentry","category-novice"],"_links":{"self":[{"href":"https:\/\/ospodgorje.si\/index.php?rest_route=\/wp\/v2\/posts\/7606","targetHints":{"allow":["GET"]}}],"collection":[{"href":"https:\/\/ospodgorje.si\/index.php?rest_route=\/wp\/v2\/posts"}],"about":[{"href":"https:\/\/ospodgorje.si\/index.php?rest_route=\/wp\/v2\/types\/post"}],"author":[{"embeddable":true,"href":"https:\/\/ospodgorje.si\/index.php?rest_route=\/wp\/v2\/users\/25249"}],"replies":[{"embeddable":true,"href":"https:\/\/ospodgorje.si\/index.php?rest_route=%2Fwp%2Fv2%2Fcomments&post=7606"}],"version-history":[{"count":1,"href":"https:\/\/ospodgorje.si\/index.php?rest_route=\/wp\/v2\/posts\/7606\/revisions"}],"predecessor-version":[{"id":7608,"href":"https:\/\/ospodgorje.si\/index.php?rest_route=\/wp\/v2\/posts\/7606\/revisions\/7608"}],"wp:featuredmedia":[{"embeddable":true,"href":"https:\/\/ospodgorje.si\/index.php?rest_route=\/wp\/v2\/media\/7607"}],"wp:attachment":[{"href":"https:\/\/ospodgorje.si\/index.php?rest_route=%2Fwp%2Fv2%2Fmedia&parent=7606"}],"wp:term":[{"taxonomy":"category","embeddable":true,"href":"https:\/\/ospodgorje.si\/index.php?rest_route=%2Fwp%2Fv2%2Fcategories&post=7606"},{"taxonomy":"post_tag","embeddable":true,"href":"https:\/\/ospodgorje.si\/index.php?rest_route=%2Fwp%2Fv2%2Ftags&post=7606"}],"curies":[{"name":"wp","href":"https:\/\/api.w.org\/{rel}","templated":true}]}}