{"id":7612,"date":"2012-11-20T10:20:00","date_gmt":"2012-11-20T09:20:00","guid":{"rendered":"https:\/\/podgorjesg.splet.arnes.si\/?p=7612"},"modified":"2025-06-17T09:07:16","modified_gmt":"2025-06-17T07:07:16","slug":"mednarodni-projekt-tek-podnebne-solidarnosti-oktober-2012","status":"publish","type":"post","link":"https:\/\/ospodgorje.si\/?p=7612","title":{"rendered":"Mednarodni projekt \u00bbTEK PODNEBNE SOLIDARNOSTI\u00ab, oktober 2012"},"content":{"rendered":"\n<figure class=\"wp-block-image size-full\"><img loading=\"lazy\" decoding=\"async\" width=\"144\" height=\"42\" src=\"https:\/\/ospodgorje.si\/files\/2025\/06\/aktualno-119-tek-podnebne-solidarnosti-1.jpg\" alt=\"\" class=\"wp-image-7613\" \/><\/figure>\n\n\n\n<p><small>V okviru 2. \u0161portnega dne smo na O\u0160 Podgorje izvedli tudi \u00bbTEK PODNEBNE SOLIDARNOSTI\u00ab.<br><br>V tem \u0161olskem letu se je Teka podnebne solidarnosti udele\u017eilo&nbsp; 89 udele\u017eencev od 3. do 9. razreda.\u0160e enkrat smo ponudiliroko tistim,ki se sre\u010dujejo s \u0161tevilnimipodnebnimi spremembamiin tako&nbsp; gradili krog solidarnosti. Tudi v tem \u0161olskem letu smo bili uspe\u0161ni, vztrajni, zato nam je skupaj uspelo prete\u010di 253,6 km. V povpre\u010dju je vsak u\u010denec pretekel 2840m.<br>Najuspe\u0161nej\u0161i so bili u\u010denci 8. razreda, ki so v povpre\u010dju pretekli 3368m na u\u010denca. Sledi jim 7. razred s 3169 prete\u010denimi metri na u\u010denca.<br>Pri posameznikih pa so se najbolje odrezali nekateri fantje 7. razreda, ki so pretekli preko 4500 m:<br><br><strong>An\u017ee Plazl Smolnikar<\/strong><br><strong>Miha Sedovnik<\/strong><br><strong>Andra\u017e Smonkar<\/strong><br><strong>Toma\u017e Uran<\/strong><br><strong>Lovro Belovi\u010d<\/strong><br><br><\/small><small>\u010cestitke vsem, ki ste se trudili in po svojih najbolj\u0161ih mo\u010deh pomagali pomo\u010di potrebnim. Lanske&nbsp; kakor tudi leto\u0161nje podatke&nbsp; ter fotogalerijo najdete na spletnem naslovu:&nbsp;<a target=\"_blank\" href=\"http:\/\/www.karitas.si\/mednarodna-pomoc\/podnebne-spremembe\/tek-podnebne-solidarnosti\/os-in-ss-2012\/\" rel=\"noreferrer noopener\">http:\/\/www.karitas.si\/mednarodna-pomoc\/podnebne-spremembe\/<\/a><br><a target=\"_blank\" href=\"http:\/\/www.karitas.si\/mednarodna-pomoc\/podnebne-spremembe\/tek-podnebne-solidarnosti\/os-in-ss-2012\/\" rel=\"noreferrer noopener\">tek-podnebne-solidarnosti\/os-in-ss-2012\/<\/a><\/small><small><br>Koordinator projekta: prof. Danijela Ledinek<\/small><\/p>\n\n\n\n<figure class=\"wp-block-gallery has-nested-images columns-default is-cropped wp-block-gallery-1 is-layout-flex wp-block-gallery-is-layout-flex\">\n<figure class=\"wp-block-image size-large\"><a href=\"https:\/\/ospodgorje.si\/files\/2025\/06\/aktualno-119-tek-podnebne-solidarnosti-2.jpg\" target=\"_blank\"><img loading=\"lazy\" decoding=\"async\" width=\"400\" height=\"268\" data-id=\"7614\" src=\"https:\/\/ospodgorje.si\/files\/2025\/06\/aktualno-119-tek-podnebne-solidarnosti-2.jpg\" alt=\"\" class=\"wp-image-7614\" srcset=\"https:\/\/ospodgorje.si\/files\/2025\/06\/aktualno-119-tek-podnebne-solidarnosti-2.jpg 400w, https:\/\/ospodgorje.si\/files\/2025\/06\/aktualno-119-tek-podnebne-solidarnosti-2-300x201.jpg 300w\" sizes=\"auto, (max-width: 400px) 100vw, 400px\" \/><\/a><\/figure>\n\n\n\n<figure class=\"wp-block-image size-large\"><a href=\"https:\/\/ospodgorje.si\/files\/2025\/06\/aktualno-119-tek-podnebne-solidarnosti-3.jpg\" target=\"_blank\"><img loading=\"lazy\" decoding=\"async\" width=\"400\" height=\"268\" data-id=\"7615\" src=\"https:\/\/ospodgorje.si\/files\/2025\/06\/aktualno-119-tek-podnebne-solidarnosti-3.jpg\" alt=\"\" class=\"wp-image-7615\" srcset=\"https:\/\/ospodgorje.si\/files\/2025\/06\/aktualno-119-tek-podnebne-solidarnosti-3.jpg 400w, https:\/\/ospodgorje.si\/files\/2025\/06\/aktualno-119-tek-podnebne-solidarnosti-3-300x201.jpg 300w\" sizes=\"auto, (max-width: 400px) 100vw, 400px\" \/><\/a><\/figure>\n\n\n\n<figure class=\"wp-block-image size-large\"><a href=\"https:\/\/ospodgorje.si\/files\/2025\/06\/aktualno-119-tek-podnebne-solidarnosti-4.jpg\" target=\"_blank\"><img loading=\"lazy\" decoding=\"async\" width=\"400\" height=\"596\" data-id=\"7616\" src=\"https:\/\/ospodgorje.si\/files\/2025\/06\/aktualno-119-tek-podnebne-solidarnosti-4.jpg\" alt=\"\" class=\"wp-image-7616\" srcset=\"https:\/\/ospodgorje.si\/files\/2025\/06\/aktualno-119-tek-podnebne-solidarnosti-4.jpg 400w, https:\/\/ospodgorje.si\/files\/2025\/06\/aktualno-119-tek-podnebne-solidarnosti-4-201x300.jpg 201w\" sizes=\"auto, (max-width: 400px) 100vw, 400px\" \/><\/a><\/figure>\n\n\n\n<figure class=\"wp-block-image size-large\"><a href=\"https:\/\/ospodgorje.si\/files\/2025\/06\/aktualno-119-tek-podnebne-solidarnosti-5.jpg\" target=\"_blank\"><img loading=\"lazy\" decoding=\"async\" width=\"400\" height=\"596\" data-id=\"7619\" src=\"https:\/\/ospodgorje.si\/files\/2025\/06\/aktualno-119-tek-podnebne-solidarnosti-5.jpg\" alt=\"\" class=\"wp-image-7619\" srcset=\"https:\/\/ospodgorje.si\/files\/2025\/06\/aktualno-119-tek-podnebne-solidarnosti-5.jpg 400w, https:\/\/ospodgorje.si\/files\/2025\/06\/aktualno-119-tek-podnebne-solidarnosti-5-201x300.jpg 201w\" sizes=\"auto, (max-width: 400px) 100vw, 400px\" \/><\/a><\/figure>\n\n\n\n<figure class=\"wp-block-image size-large\"><a href=\"https:\/\/ospodgorje.si\/files\/2025\/06\/aktualno-119-tek-podnebne-solidarnosti-6.jpg\" target=\"_blank\"><img loading=\"lazy\" decoding=\"async\" width=\"400\" height=\"268\" data-id=\"7618\" src=\"https:\/\/ospodgorje.si\/files\/2025\/06\/aktualno-119-tek-podnebne-solidarnosti-6.jpg\" alt=\"\" class=\"wp-image-7618\" srcset=\"https:\/\/ospodgorje.si\/files\/2025\/06\/aktualno-119-tek-podnebne-solidarnosti-6.jpg 400w, https:\/\/ospodgorje.si\/files\/2025\/06\/aktualno-119-tek-podnebne-solidarnosti-6-300x201.jpg 300w\" sizes=\"auto, (max-width: 400px) 100vw, 400px\" \/><\/a><\/figure>\n\n\n\n<figure class=\"wp-block-image size-large\"><a href=\"https:\/\/ospodgorje.si\/files\/2025\/06\/aktualno-119-tek-podnebne-solidarnosti-7.jpg\" target=\"_blank\"><img loading=\"lazy\" decoding=\"async\" width=\"400\" height=\"268\" data-id=\"7617\" src=\"https:\/\/ospodgorje.si\/files\/2025\/06\/aktualno-119-tek-podnebne-solidarnosti-7.jpg\" alt=\"\" class=\"wp-image-7617\" srcset=\"https:\/\/ospodgorje.si\/files\/2025\/06\/aktualno-119-tek-podnebne-solidarnosti-7.jpg 400w, https:\/\/ospodgorje.si\/files\/2025\/06\/aktualno-119-tek-podnebne-solidarnosti-7-300x201.jpg 300w\" sizes=\"auto, (max-width: 400px) 100vw, 400px\" \/><\/a><\/figure>\n\n\n\n<figure class=\"wp-block-image size-large\"><a href=\"https:\/\/ospodgorje.si\/files\/2025\/06\/aktualno-119-tek-podnebne-solidarnosti-8.jpg\" target=\"_blank\"><img loading=\"lazy\" decoding=\"async\" width=\"400\" height=\"268\" data-id=\"7620\" src=\"https:\/\/ospodgorje.si\/files\/2025\/06\/aktualno-119-tek-podnebne-solidarnosti-8.jpg\" alt=\"\" class=\"wp-image-7620\" srcset=\"https:\/\/ospodgorje.si\/files\/2025\/06\/aktualno-119-tek-podnebne-solidarnosti-8.jpg 400w, https:\/\/ospodgorje.si\/files\/2025\/06\/aktualno-119-tek-podnebne-solidarnosti-8-300x201.jpg 300w\" sizes=\"auto, (max-width: 400px) 100vw, 400px\" \/><\/a><\/figure>\n\n\n\n<figure class=\"wp-block-image size-large\"><a href=\"https:\/\/ospodgorje.si\/files\/2025\/06\/aktualno-119-tek-podnebne-solidarnosti-9.jpg\" target=\"_blank\"><img loading=\"lazy\" decoding=\"async\" width=\"400\" height=\"268\" data-id=\"7622\" src=\"https:\/\/ospodgorje.si\/files\/2025\/06\/aktualno-119-tek-podnebne-solidarnosti-9.jpg\" alt=\"\" class=\"wp-image-7622\" srcset=\"https:\/\/ospodgorje.si\/files\/2025\/06\/aktualno-119-tek-podnebne-solidarnosti-9.jpg 400w, https:\/\/ospodgorje.si\/files\/2025\/06\/aktualno-119-tek-podnebne-solidarnosti-9-300x201.jpg 300w\" sizes=\"auto, (max-width: 400px) 100vw, 400px\" \/><\/a><\/figure>\n\n\n\n<figure class=\"wp-block-image size-large\"><a href=\"https:\/\/ospodgorje.si\/files\/2025\/06\/aktualno-119-tek-podnebne-solidarnosti-10.jpg\" target=\"_blank\"><img loading=\"lazy\" decoding=\"async\" width=\"400\" height=\"268\" data-id=\"7621\" src=\"https:\/\/ospodgorje.si\/files\/2025\/06\/aktualno-119-tek-podnebne-solidarnosti-10.jpg\" alt=\"\" class=\"wp-image-7621\" srcset=\"https:\/\/ospodgorje.si\/files\/2025\/06\/aktualno-119-tek-podnebne-solidarnosti-10.jpg 400w, https:\/\/ospodgorje.si\/files\/2025\/06\/aktualno-119-tek-podnebne-solidarnosti-10-300x201.jpg 300w\" sizes=\"auto, (max-width: 400px) 100vw, 400px\" \/><\/a><\/figure>\n\n\n\n<figure class=\"wp-block-image size-large\"><a href=\"https:\/\/ospodgorje.si\/files\/2025\/06\/aktualno-119-tek-podnebne-solidarnosti-11.jpg\" target=\"_blank\"><img loading=\"lazy\" decoding=\"async\" width=\"400\" height=\"268\" data-id=\"7623\" src=\"https:\/\/ospodgorje.si\/files\/2025\/06\/aktualno-119-tek-podnebne-solidarnosti-11.jpg\" alt=\"\" class=\"wp-image-7623\" srcset=\"https:\/\/ospodgorje.si\/files\/2025\/06\/aktualno-119-tek-podnebne-solidarnosti-11.jpg 400w, https:\/\/ospodgorje.si\/files\/2025\/06\/aktualno-119-tek-podnebne-solidarnosti-11-300x201.jpg 300w\" sizes=\"auto, (max-width: 400px) 100vw, 400px\" \/><\/a><\/figure>\n\n\n\n<figure class=\"wp-block-image size-large\"><a href=\"https:\/\/ospodgorje.si\/files\/2025\/06\/aktualno-119-tek-podnebne-solidarnosti-12.jpg\" target=\"_blank\"><img loading=\"lazy\" decoding=\"async\" width=\"400\" height=\"268\" data-id=\"7624\" src=\"https:\/\/ospodgorje.si\/files\/2025\/06\/aktualno-119-tek-podnebne-solidarnosti-12.jpg\" alt=\"\" class=\"wp-image-7624\" srcset=\"https:\/\/ospodgorje.si\/files\/2025\/06\/aktualno-119-tek-podnebne-solidarnosti-12.jpg 400w, https:\/\/ospodgorje.si\/files\/2025\/06\/aktualno-119-tek-podnebne-solidarnosti-12-300x201.jpg 300w\" sizes=\"auto, (max-width: 400px) 100vw, 400px\" \/><\/a><\/figure>\n\n\n\n<figure class=\"wp-block-image size-large\"><a href=\"https:\/\/ospodgorje.si\/files\/2025\/06\/aktualno-119-tek-podnebne-solidarnosti-13.jpg\" target=\"_blank\"><img loading=\"lazy\" decoding=\"async\" width=\"400\" height=\"268\" data-id=\"7625\" src=\"https:\/\/ospodgorje.si\/files\/2025\/06\/aktualno-119-tek-podnebne-solidarnosti-13.jpg\" alt=\"\" class=\"wp-image-7625\" srcset=\"https:\/\/ospodgorje.si\/files\/2025\/06\/aktualno-119-tek-podnebne-solidarnosti-13.jpg 400w, https:\/\/ospodgorje.si\/files\/2025\/06\/aktualno-119-tek-podnebne-solidarnosti-13-300x201.jpg 300w\" sizes=\"auto, (max-width: 400px) 100vw, 400px\" \/><\/a><\/figure>\n<\/figure>\n","protected":false},"excerpt":{"rendered":"<p>V okviru 2. \u0161portnega dne smo na O\u0160 Podgorje izvedli tudi \u00bbTEK PODNEBNE SOLIDARNOSTI\u00ab. V tem \u0161olskem letu se je Teka podnebne solidarnosti udele\u017eilo&nbsp; 89 udele\u017eencev od 3. do 9. razreda.\u0160e enkrat smo ponudiliroko&#46;&#46;&#46;<\/p>\n","protected":false},"author":25249,"featured_media":7615,"comment_status":"closed","ping_status":"open","sticky":false,"template":"","format":"standard","meta":{"ngg_post_thumbnail":0,"footnotes":""},"categories":[9],"tags":[],"class_list":["post-7612","post","type-post","status-publish","format-standard","has-post-thumbnail","hentry","category-novice"],"_links":{"self":[{"href":"https:\/\/ospodgorje.si\/index.php?rest_route=\/wp\/v2\/posts\/7612","targetHints":{"allow":["GET"]}}],"collection":[{"href":"https:\/\/ospodgorje.si\/index.php?rest_route=\/wp\/v2\/posts"}],"about":[{"href":"https:\/\/ospodgorje.si\/index.php?rest_route=\/wp\/v2\/types\/post"}],"author":[{"embeddable":true,"href":"https:\/\/ospodgorje.si\/index.php?rest_route=\/wp\/v2\/users\/25249"}],"replies":[{"embeddable":true,"href":"https:\/\/ospodgorje.si\/index.php?rest_route=%2Fwp%2Fv2%2Fcomments&post=7612"}],"version-history":[{"count":2,"href":"https:\/\/ospodgorje.si\/index.php?rest_route=\/wp\/v2\/posts\/7612\/revisions"}],"predecessor-version":[{"id":8228,"href":"https:\/\/ospodgorje.si\/index.php?rest_route=\/wp\/v2\/posts\/7612\/revisions\/8228"}],"wp:featuredmedia":[{"embeddable":true,"href":"https:\/\/ospodgorje.si\/index.php?rest_route=\/wp\/v2\/media\/7615"}],"wp:attachment":[{"href":"https:\/\/ospodgorje.si\/index.php?rest_route=%2Fwp%2Fv2%2Fmedia&parent=7612"}],"wp:term":[{"taxonomy":"category","embeddable":true,"href":"https:\/\/ospodgorje.si\/index.php?rest_route=%2Fwp%2Fv2%2Fcategories&post=7612"},{"taxonomy":"post_tag","embeddable":true,"href":"https:\/\/ospodgorje.si\/index.php?rest_route=%2Fwp%2Fv2%2Ftags&post=7612"}],"curies":[{"name":"wp","href":"https:\/\/api.w.org\/{rel}","templated":true}]}}